{"id":81,"date":"2014-11-27T18:02:27","date_gmt":"2014-11-27T17:02:27","guid":{"rendered":"http:\/\/socialglasses.it\/news\/?p=81"},"modified":"2014-12-12T15:31:47","modified_gmt":"2014-12-12T14:31:47","slug":"social-glasses-collezione-fluorescente","status":"publish","type":"post","link":"http:\/\/socialglasses.it\/news\/social-glasses-collezione-fluorescente\/","title":{"rendered":"Social Glasses Collezione Fluorescente"},"content":{"rendered":"<p><a href=\"http:\/\/socialglasses.it\/p\/fluo\"><img loading=\"lazy\" decoding=\"async\" class=\"size-full wp-image-88 aligncenter\" src=\"http:\/\/socialglasses.it\/news\/wp-content\/uploads\/2014\/11\/2.png\" alt=\"2\" width=\"675\" height=\"300\" srcset=\"http:\/\/socialglasses.it\/news\/wp-content\/uploads\/2014\/11\/2.png 675w, http:\/\/socialglasses.it\/news\/wp-content\/uploads\/2014\/11\/2-300x133.png 300w, http:\/\/socialglasses.it\/news\/wp-content\/uploads\/2014\/11\/2-672x300.png 672w\" sizes=\"auto, (max-width: 675px) 100vw, 675px\" \/><\/a><\/p>\n<p>Siete gi\u00e0 stanchi del buio e del freddo di questi giorni? Niente paura, ci pensa Social Glasses a portare un po&#8217; di calore e di allegria con la nuova collezione Fluorescente!<br \/>\nCinque nuovi occhiali coloratissimi e simpaticissimi personalizzabili grazie al potente simulatore.<\/p>\n<p>Scegli quale tra rosa, azzurro, arancione, rosso e giallo \u00e8 il tuo colore preferito e colora le tue serata con con Social Glasses. Come sempre potrai inserire le immagini che pi\u00f9 preferisci o scegliere tra le molte gi\u00e0 caricate.<br \/>\nCosa aspetti? Accendi la luce con Social Glasses!!!<\/p>\n","protected":false},"excerpt":{"rendered":"<p>Siete gi\u00e0 stanchi del buio e del freddo di questi giorni? Niente paura, ci pensa Social Glasses a portare un po&#8217; di calore e di allegria con la nuova collezione Fluorescente! Cinque nuovi occhiali coloratissimi e simpaticissimi personalizzabili grazie al potente simulatore. Scegli quale tra rosa, azzurro, arancione, rosso e giallo \u00e8 il tuo colore &hellip; <a href=\"http:\/\/socialglasses.it\/news\/social-glasses-collezione-fluorescente\/\" class=\"more-link\">Continua la lettura di <span class=\"screen-reader-text\">Social Glasses Collezione Fluorescente<\/span> <span class=\"meta-nav\">&rarr;<\/span><\/a><\/p>\n","protected":false},"author":1,"featured_media":0,"comment_status":"open","ping_status":"open","sticky":false,"template":"","format":"standard","meta":{"footnotes":""},"categories":[3],"tags":[],"class_list":["post-81","post","type-post","status-publish","format-standard","hentry","category-nuovi-modelli"],"yoast_head":"<!-- This site is optimized with the Yoast SEO plugin v25.2 - https:\/\/yoast.com\/wordpress\/plugins\/seo\/ -->\n<title>Social Glasses Collezione Fluorescente - Social Glasses News<\/title>\n<meta name=\"robots\" content=\"index, follow, max-snippet:-1, max-image-preview:large, max-video-preview:-1\" \/>\n<link rel=\"canonical\" href=\"http:\/\/socialglasses.it\/news\/social-glasses-collezione-fluorescente\/\" \/>\n<meta property=\"og:locale\" content=\"it_IT\" \/>\n<meta property=\"og:type\" content=\"article\" \/>\n<meta property=\"og:title\" content=\"Social Glasses Collezione Fluorescente - Social Glasses News\" \/>\n<meta property=\"og:description\" content=\"Siete gi\u00e0 stanchi del buio e del freddo di questi giorni? Niente paura, ci pensa Social Glasses a portare un po&#8217; di calore e di allegria con la nuova collezione Fluorescente! Cinque nuovi occhiali coloratissimi e simpaticissimi personalizzabili grazie al potente simulatore. Scegli quale tra rosa, azzurro, arancione, rosso e giallo \u00e8 il tuo colore &hellip; Continua la lettura di Social Glasses Collezione Fluorescente &rarr;\" \/>\n<meta property=\"og:url\" content=\"http:\/\/socialglasses.it\/news\/social-glasses-collezione-fluorescente\/\" \/>\n<meta property=\"og:site_name\" content=\"Social Glasses News\" \/>\n<meta property=\"article:published_time\" content=\"2014-11-27T17:02:27+00:00\" \/>\n<meta property=\"article:modified_time\" content=\"2014-12-12T14:31:47+00:00\" \/>\n<meta property=\"og:image\" content=\"http:\/\/socialglasses.it\/news\/wp-content\/uploads\/2014\/11\/2.png\" \/>\n<meta name=\"author\" content=\"socialglasses\" \/>\n<meta name=\"twitter:card\" content=\"summary_large_image\" \/>\n<meta name=\"twitter:label1\" content=\"Scritto da\" \/>\n\t<meta name=\"twitter:data1\" content=\"socialglasses\" \/>\n<script type=\"application\/ld+json\" class=\"yoast-schema-graph\">{\"@context\":\"https:\/\/schema.org\",\"@graph\":[{\"@type\":\"WebPage\",\"@id\":\"http:\/\/socialglasses.it\/news\/social-glasses-collezione-fluorescente\/\",\"url\":\"http:\/\/socialglasses.it\/news\/social-glasses-collezione-fluorescente\/\",\"name\":\"Social Glasses Collezione Fluorescente - Social Glasses News\",\"isPartOf\":{\"@id\":\"http:\/\/socialglasses.it\/news\/#website\"},\"primaryImageOfPage\":{\"@id\":\"http:\/\/socialglasses.it\/news\/social-glasses-collezione-fluorescente\/#primaryimage\"},\"image\":{\"@id\":\"http:\/\/socialglasses.it\/news\/social-glasses-collezione-fluorescente\/#primaryimage\"},\"thumbnailUrl\":\"http:\/\/socialglasses.it\/news\/wp-content\/uploads\/2014\/11\/2.png\",\"datePublished\":\"2014-11-27T17:02:27+00:00\",\"dateModified\":\"2014-12-12T14:31:47+00:00\",\"author\":{\"@id\":\"http:\/\/socialglasses.it\/news\/#\/schema\/person\/55bcefb5027d51d7f4cb0a0cbb2d4372\"},\"breadcrumb\":{\"@id\":\"http:\/\/socialglasses.it\/news\/social-glasses-collezione-fluorescente\/#breadcrumb\"},\"inLanguage\":\"it-IT\",\"potentialAction\":[{\"@type\":\"ReadAction\",\"target\":[\"http:\/\/socialglasses.it\/news\/social-glasses-collezione-fluorescente\/\"]}]},{\"@type\":\"ImageObject\",\"inLanguage\":\"it-IT\",\"@id\":\"http:\/\/socialglasses.it\/news\/social-glasses-collezione-fluorescente\/#primaryimage\",\"url\":\"http:\/\/socialglasses.it\/news\/wp-content\/uploads\/2014\/11\/2.png\",\"contentUrl\":\"http:\/\/socialglasses.it\/news\/wp-content\/uploads\/2014\/11\/2.png\",\"width\":675,\"height\":300},{\"@type\":\"BreadcrumbList\",\"@id\":\"http:\/\/socialglasses.it\/news\/social-glasses-collezione-fluorescente\/#breadcrumb\",\"itemListElement\":[{\"@type\":\"ListItem\",\"position\":1,\"name\":\"Home\",\"item\":\"http:\/\/socialglasses.it\/news\/\"},{\"@type\":\"ListItem\",\"position\":2,\"name\":\"Social Glasses Collezione Fluorescente\"}]},{\"@type\":\"WebSite\",\"@id\":\"http:\/\/socialglasses.it\/news\/#website\",\"url\":\"http:\/\/socialglasses.it\/news\/\",\"name\":\"Social Glasses News\",\"description\":\"Occhiali con lenti personalizzate online\",\"potentialAction\":[{\"@type\":\"SearchAction\",\"target\":{\"@type\":\"EntryPoint\",\"urlTemplate\":\"http:\/\/socialglasses.it\/news\/?s={search_term_string}\"},\"query-input\":{\"@type\":\"PropertyValueSpecification\",\"valueRequired\":true,\"valueName\":\"search_term_string\"}}],\"inLanguage\":\"it-IT\"},{\"@type\":\"Person\",\"@id\":\"http:\/\/socialglasses.it\/news\/#\/schema\/person\/55bcefb5027d51d7f4cb0a0cbb2d4372\",\"name\":\"socialglasses\",\"image\":{\"@type\":\"ImageObject\",\"inLanguage\":\"it-IT\",\"@id\":\"http:\/\/socialglasses.it\/news\/#\/schema\/person\/image\/\",\"url\":\"https:\/\/secure.gravatar.com\/avatar\/eb4ad34c27c5b8c3aae7417059504b61a07075a112d9b2403f96854f8712156d?s=96&d=mm&r=g\",\"contentUrl\":\"https:\/\/secure.gravatar.com\/avatar\/eb4ad34c27c5b8c3aae7417059504b61a07075a112d9b2403f96854f8712156d?s=96&d=mm&r=g\",\"caption\":\"socialglasses\"},\"url\":\"http:\/\/socialglasses.it\/news\/author\/socialglasses\/\"}]}<\/script>\n<!-- \/ Yoast SEO plugin. -->","yoast_head_json":{"title":"Social Glasses Collezione Fluorescente - Social Glasses News","robots":{"index":"index","follow":"follow","max-snippet":"max-snippet:-1","max-image-preview":"max-image-preview:large","max-video-preview":"max-video-preview:-1"},"canonical":"http:\/\/socialglasses.it\/news\/social-glasses-collezione-fluorescente\/","og_locale":"it_IT","og_type":"article","og_title":"Social Glasses Collezione Fluorescente - Social Glasses News","og_description":"Siete gi\u00e0 stanchi del buio e del freddo di questi giorni? Niente paura, ci pensa Social Glasses a portare un po&#8217; di calore e di allegria con la nuova collezione Fluorescente! Cinque nuovi occhiali coloratissimi e simpaticissimi personalizzabili grazie al potente simulatore. Scegli quale tra rosa, azzurro, arancione, rosso e giallo \u00e8 il tuo colore &hellip; Continua la lettura di Social Glasses Collezione Fluorescente &rarr;","og_url":"http:\/\/socialglasses.it\/news\/social-glasses-collezione-fluorescente\/","og_site_name":"Social Glasses News","article_published_time":"2014-11-27T17:02:27+00:00","article_modified_time":"2014-12-12T14:31:47+00:00","og_image":[{"url":"http:\/\/socialglasses.it\/news\/wp-content\/uploads\/2014\/11\/2.png","type":"","width":"","height":""}],"author":"socialglasses","twitter_card":"summary_large_image","twitter_misc":{"Scritto da":"socialglasses"},"schema":{"@context":"https:\/\/schema.org","@graph":[{"@type":"WebPage","@id":"http:\/\/socialglasses.it\/news\/social-glasses-collezione-fluorescente\/","url":"http:\/\/socialglasses.it\/news\/social-glasses-collezione-fluorescente\/","name":"Social Glasses Collezione Fluorescente - Social Glasses News","isPartOf":{"@id":"http:\/\/socialglasses.it\/news\/#website"},"primaryImageOfPage":{"@id":"http:\/\/socialglasses.it\/news\/social-glasses-collezione-fluorescente\/#primaryimage"},"image":{"@id":"http:\/\/socialglasses.it\/news\/social-glasses-collezione-fluorescente\/#primaryimage"},"thumbnailUrl":"http:\/\/socialglasses.it\/news\/wp-content\/uploads\/2014\/11\/2.png","datePublished":"2014-11-27T17:02:27+00:00","dateModified":"2014-12-12T14:31:47+00:00","author":{"@id":"http:\/\/socialglasses.it\/news\/#\/schema\/person\/55bcefb5027d51d7f4cb0a0cbb2d4372"},"breadcrumb":{"@id":"http:\/\/socialglasses.it\/news\/social-glasses-collezione-fluorescente\/#breadcrumb"},"inLanguage":"it-IT","potentialAction":[{"@type":"ReadAction","target":["http:\/\/socialglasses.it\/news\/social-glasses-collezione-fluorescente\/"]}]},{"@type":"ImageObject","inLanguage":"it-IT","@id":"http:\/\/socialglasses.it\/news\/social-glasses-collezione-fluorescente\/#primaryimage","url":"http:\/\/socialglasses.it\/news\/wp-content\/uploads\/2014\/11\/2.png","contentUrl":"http:\/\/socialglasses.it\/news\/wp-content\/uploads\/2014\/11\/2.png","width":675,"height":300},{"@type":"BreadcrumbList","@id":"http:\/\/socialglasses.it\/news\/social-glasses-collezione-fluorescente\/#breadcrumb","itemListElement":[{"@type":"ListItem","position":1,"name":"Home","item":"http:\/\/socialglasses.it\/news\/"},{"@type":"ListItem","position":2,"name":"Social Glasses Collezione Fluorescente"}]},{"@type":"WebSite","@id":"http:\/\/socialglasses.it\/news\/#website","url":"http:\/\/socialglasses.it\/news\/","name":"Social Glasses News","description":"Occhiali con lenti personalizzate online","potentialAction":[{"@type":"SearchAction","target":{"@type":"EntryPoint","urlTemplate":"http:\/\/socialglasses.it\/news\/?s={search_term_string}"},"query-input":{"@type":"PropertyValueSpecification","valueRequired":true,"valueName":"search_term_string"}}],"inLanguage":"it-IT"},{"@type":"Person","@id":"http:\/\/socialglasses.it\/news\/#\/schema\/person\/55bcefb5027d51d7f4cb0a0cbb2d4372","name":"socialglasses","image":{"@type":"ImageObject","inLanguage":"it-IT","@id":"http:\/\/socialglasses.it\/news\/#\/schema\/person\/image\/","url":"https:\/\/secure.gravatar.com\/avatar\/eb4ad34c27c5b8c3aae7417059504b61a07075a112d9b2403f96854f8712156d?s=96&d=mm&r=g","contentUrl":"https:\/\/secure.gravatar.com\/avatar\/eb4ad34c27c5b8c3aae7417059504b61a07075a112d9b2403f96854f8712156d?s=96&d=mm&r=g","caption":"socialglasses"},"url":"http:\/\/socialglasses.it\/news\/author\/socialglasses\/"}]}},"_links":{"self":[{"href":"http:\/\/socialglasses.it\/news\/wp-json\/wp\/v2\/posts\/81","targetHints":{"allow":["GET"]}}],"collection":[{"href":"http:\/\/socialglasses.it\/news\/wp-json\/wp\/v2\/posts"}],"about":[{"href":"http:\/\/socialglasses.it\/news\/wp-json\/wp\/v2\/types\/post"}],"author":[{"embeddable":true,"href":"http:\/\/socialglasses.it\/news\/wp-json\/wp\/v2\/users\/1"}],"replies":[{"embeddable":true,"href":"http:\/\/socialglasses.it\/news\/wp-json\/wp\/v2\/comments?post=81"}],"version-history":[{"count":8,"href":"http:\/\/socialglasses.it\/news\/wp-json\/wp\/v2\/posts\/81\/revisions"}],"predecessor-version":[{"id":100,"href":"http:\/\/socialglasses.it\/news\/wp-json\/wp\/v2\/posts\/81\/revisions\/100"}],"wp:attachment":[{"href":"http:\/\/socialglasses.it\/news\/wp-json\/wp\/v2\/media?parent=81"}],"wp:term":[{"taxonomy":"category","embeddable":true,"href":"http:\/\/socialglasses.it\/news\/wp-json\/wp\/v2\/categories?post=81"},{"taxonomy":"post_tag","embeddable":true,"href":"http:\/\/socialglasses.it\/news\/wp-json\/wp\/v2\/tags?post=81"}],"curies":[{"name":"wp","href":"https:\/\/api.w.org\/{rel}","templated":true}]}}