{"id":8,"date":"2014-08-07T12:20:41","date_gmt":"2014-08-07T10:20:41","guid":{"rendered":"http:\/\/socialglasses.it\/news\/?p=8"},"modified":"2014-10-20T12:09:12","modified_gmt":"2014-10-20T10:09:12","slug":"nuovi-modelli-in-casa-social-glasses","status":"publish","type":"post","link":"http:\/\/socialglasses.it\/news\/nuovi-modelli-in-casa-social-glasses\/","title":{"rendered":"Nuovi modelli in casa Social Glasses"},"content":{"rendered":"<p><img loading=\"lazy\" decoding=\"async\" class=\"alignnone wp-image-32 size-full\" src=\"http:\/\/socialglasses.it\/news\/wp-content\/uploads\/2014\/08\/8.png\" alt=\"I &lt;3 Social Glasses\" width=\"1920\" height=\"1080\" srcset=\"http:\/\/socialglasses.it\/news\/wp-content\/uploads\/2014\/08\/8.png 1920w, http:\/\/socialglasses.it\/news\/wp-content\/uploads\/2014\/08\/8-300x168.png 300w, http:\/\/socialglasses.it\/news\/wp-content\/uploads\/2014\/08\/8-1024x576.png 1024w\" sizes=\"auto, (max-width: 1920px) 100vw, 1920px\" \/>\u00c8 nata da poco e fa gi\u00e0 parlare di s\u00e9 la nuova startup veronese, regalando le prime sorprese.<\/p>\n<div class=\"row\">\n<div class=\"col-sm-7\">\n<p>Dopo il positivo debutto sul mercato, Social Glasses conferma quanto anticipato dal Presidente Luca Zanini alla presentazione tenutasi lo scorso20 luglio presso il Grand Hotel Villa Serbelloni di Bellagio, durante la quale lo stesso Zanini aveva dichiarato che ci sarebbero state delle importanti novit\u00e0 prima della fine dell&#8217;estate. L&#8217;azienda veronese ha infatti dichiarato che lancer\u00e0 una campagna interamente dedicata ai bambini, grazie all\u2019arrivo dei coloratissimi occhiali nella misura small. Dal terzo trimestre del 2014 si potranno personalizzare le lenti degli occhiali Social Glasses anche per i pi\u00f9 piccini, e inserire le immagini che pi\u00f9 li rappresentano per dare sfoggio a tutta la loro fantasia e personalit\u00e0 creando cos\u00ec momenti unici e divertenti.<\/p>\n<\/div>\n<\/div>\n<div class=\"row\">\n<div class=\"col-sm-12\">\n<p>Il portale di Social Glasses grazie al suo simulatore permette di caricare qualsiasi immagine, testo e logo dando vita ad occhiali allegri e originali.<\/p>\n<p>Dagli ultimi dati in possesso, la startup veronese nel suo primo mese di vita ha ottenuto ottimi riscontri da parte delle aziende coinvolte e promette altre novit\u00e0 con nuovi occhiali personalizzabili in grado di rendere unico ogni evento.<\/p>\n<\/div>\n<\/div>\n","protected":false},"excerpt":{"rendered":"<p>\u00c8 nata da poco e fa gi\u00e0 parlare di s\u00e9 la nuova startup veronese, regalando le prime sorprese. Dopo il positivo debutto sul mercato, Social Glasses conferma quanto anticipato dal Presidente Luca Zanini alla presentazione tenutasi lo scorso20 luglio presso il Grand Hotel Villa Serbelloni di Bellagio, durante la quale lo stesso Zanini aveva dichiarato &hellip; <a href=\"http:\/\/socialglasses.it\/news\/nuovi-modelli-in-casa-social-glasses\/\" class=\"more-link\">Continua la lettura di <span class=\"screen-reader-text\">Nuovi modelli in casa Social Glasses<\/span> <span class=\"meta-nav\">&rarr;<\/span><\/a><\/p>\n","protected":false},"author":1,"featured_media":0,"comment_status":"open","ping_status":"open","sticky":false,"template":"","format":"standard","meta":{"footnotes":""},"categories":[3],"tags":[],"class_list":["post-8","post","type-post","status-publish","format-standard","hentry","category-nuovi-modelli"],"yoast_head":"<!-- This site is optimized with the Yoast SEO plugin v25.2 - https:\/\/yoast.com\/wordpress\/plugins\/seo\/ -->\n<title>Nuovi modelli in casa Social Glasses - Social Glasses News<\/title>\n<meta name=\"robots\" content=\"index, follow, max-snippet:-1, max-image-preview:large, max-video-preview:-1\" \/>\n<link rel=\"canonical\" href=\"http:\/\/socialglasses.it\/news\/nuovi-modelli-in-casa-social-glasses\/\" \/>\n<meta property=\"og:locale\" content=\"it_IT\" \/>\n<meta property=\"og:type\" content=\"article\" \/>\n<meta property=\"og:title\" content=\"Nuovi modelli in casa Social Glasses - Social Glasses News\" \/>\n<meta property=\"og:description\" content=\"\u00c8 nata da poco e fa gi\u00e0 parlare di s\u00e9 la nuova startup veronese, regalando le prime sorprese. Dopo il positivo debutto sul mercato, Social Glasses conferma quanto anticipato dal Presidente Luca Zanini alla presentazione tenutasi lo scorso20 luglio presso il Grand Hotel Villa Serbelloni di Bellagio, durante la quale lo stesso Zanini aveva dichiarato &hellip; Continua la lettura di Nuovi modelli in casa Social Glasses &rarr;\" \/>\n<meta property=\"og:url\" content=\"http:\/\/socialglasses.it\/news\/nuovi-modelli-in-casa-social-glasses\/\" \/>\n<meta property=\"og:site_name\" content=\"Social Glasses News\" \/>\n<meta property=\"article:published_time\" content=\"2014-08-07T10:20:41+00:00\" \/>\n<meta property=\"article:modified_time\" content=\"2014-10-20T10:09:12+00:00\" \/>\n<meta property=\"og:image\" content=\"http:\/\/socialglasses.it\/news\/wp-content\/uploads\/2014\/08\/8.png\" \/>\n<meta name=\"author\" content=\"socialglasses\" \/>\n<meta name=\"twitter:card\" content=\"summary_large_image\" \/>\n<meta name=\"twitter:label1\" content=\"Scritto da\" \/>\n\t<meta name=\"twitter:data1\" content=\"socialglasses\" \/>\n\t<meta name=\"twitter:label2\" content=\"Tempo di lettura stimato\" \/>\n\t<meta name=\"twitter:data2\" content=\"1 minuto\" \/>\n<script type=\"application\/ld+json\" class=\"yoast-schema-graph\">{\"@context\":\"https:\/\/schema.org\",\"@graph\":[{\"@type\":\"WebPage\",\"@id\":\"http:\/\/socialglasses.it\/news\/nuovi-modelli-in-casa-social-glasses\/\",\"url\":\"http:\/\/socialglasses.it\/news\/nuovi-modelli-in-casa-social-glasses\/\",\"name\":\"Nuovi modelli in casa Social Glasses - Social Glasses News\",\"isPartOf\":{\"@id\":\"http:\/\/socialglasses.it\/news\/#website\"},\"primaryImageOfPage\":{\"@id\":\"http:\/\/socialglasses.it\/news\/nuovi-modelli-in-casa-social-glasses\/#primaryimage\"},\"image\":{\"@id\":\"http:\/\/socialglasses.it\/news\/nuovi-modelli-in-casa-social-glasses\/#primaryimage\"},\"thumbnailUrl\":\"http:\/\/socialglasses.it\/news\/wp-content\/uploads\/2014\/08\/8.png\",\"datePublished\":\"2014-08-07T10:20:41+00:00\",\"dateModified\":\"2014-10-20T10:09:12+00:00\",\"author\":{\"@id\":\"http:\/\/socialglasses.it\/news\/#\/schema\/person\/55bcefb5027d51d7f4cb0a0cbb2d4372\"},\"breadcrumb\":{\"@id\":\"http:\/\/socialglasses.it\/news\/nuovi-modelli-in-casa-social-glasses\/#breadcrumb\"},\"inLanguage\":\"it-IT\",\"potentialAction\":[{\"@type\":\"ReadAction\",\"target\":[\"http:\/\/socialglasses.it\/news\/nuovi-modelli-in-casa-social-glasses\/\"]}]},{\"@type\":\"ImageObject\",\"inLanguage\":\"it-IT\",\"@id\":\"http:\/\/socialglasses.it\/news\/nuovi-modelli-in-casa-social-glasses\/#primaryimage\",\"url\":\"http:\/\/socialglasses.it\/news\/wp-content\/uploads\/2014\/08\/8.png\",\"contentUrl\":\"http:\/\/socialglasses.it\/news\/wp-content\/uploads\/2014\/08\/8.png\",\"width\":1920,\"height\":1080},{\"@type\":\"BreadcrumbList\",\"@id\":\"http:\/\/socialglasses.it\/news\/nuovi-modelli-in-casa-social-glasses\/#breadcrumb\",\"itemListElement\":[{\"@type\":\"ListItem\",\"position\":1,\"name\":\"Home\",\"item\":\"http:\/\/socialglasses.it\/news\/\"},{\"@type\":\"ListItem\",\"position\":2,\"name\":\"Nuovi modelli in casa Social Glasses\"}]},{\"@type\":\"WebSite\",\"@id\":\"http:\/\/socialglasses.it\/news\/#website\",\"url\":\"http:\/\/socialglasses.it\/news\/\",\"name\":\"Social Glasses News\",\"description\":\"Occhiali con lenti personalizzate online\",\"potentialAction\":[{\"@type\":\"SearchAction\",\"target\":{\"@type\":\"EntryPoint\",\"urlTemplate\":\"http:\/\/socialglasses.it\/news\/?s={search_term_string}\"},\"query-input\":{\"@type\":\"PropertyValueSpecification\",\"valueRequired\":true,\"valueName\":\"search_term_string\"}}],\"inLanguage\":\"it-IT\"},{\"@type\":\"Person\",\"@id\":\"http:\/\/socialglasses.it\/news\/#\/schema\/person\/55bcefb5027d51d7f4cb0a0cbb2d4372\",\"name\":\"socialglasses\",\"image\":{\"@type\":\"ImageObject\",\"inLanguage\":\"it-IT\",\"@id\":\"http:\/\/socialglasses.it\/news\/#\/schema\/person\/image\/\",\"url\":\"https:\/\/secure.gravatar.com\/avatar\/eb4ad34c27c5b8c3aae7417059504b61a07075a112d9b2403f96854f8712156d?s=96&d=mm&r=g\",\"contentUrl\":\"https:\/\/secure.gravatar.com\/avatar\/eb4ad34c27c5b8c3aae7417059504b61a07075a112d9b2403f96854f8712156d?s=96&d=mm&r=g\",\"caption\":\"socialglasses\"},\"url\":\"http:\/\/socialglasses.it\/news\/author\/socialglasses\/\"}]}<\/script>\n<!-- \/ Yoast SEO plugin. -->","yoast_head_json":{"title":"Nuovi modelli in casa Social Glasses - Social Glasses News","robots":{"index":"index","follow":"follow","max-snippet":"max-snippet:-1","max-image-preview":"max-image-preview:large","max-video-preview":"max-video-preview:-1"},"canonical":"http:\/\/socialglasses.it\/news\/nuovi-modelli-in-casa-social-glasses\/","og_locale":"it_IT","og_type":"article","og_title":"Nuovi modelli in casa Social Glasses - Social Glasses News","og_description":"\u00c8 nata da poco e fa gi\u00e0 parlare di s\u00e9 la nuova startup veronese, regalando le prime sorprese. Dopo il positivo debutto sul mercato, Social Glasses conferma quanto anticipato dal Presidente Luca Zanini alla presentazione tenutasi lo scorso20 luglio presso il Grand Hotel Villa Serbelloni di Bellagio, durante la quale lo stesso Zanini aveva dichiarato &hellip; Continua la lettura di Nuovi modelli in casa Social Glasses &rarr;","og_url":"http:\/\/socialglasses.it\/news\/nuovi-modelli-in-casa-social-glasses\/","og_site_name":"Social Glasses News","article_published_time":"2014-08-07T10:20:41+00:00","article_modified_time":"2014-10-20T10:09:12+00:00","og_image":[{"url":"http:\/\/socialglasses.it\/news\/wp-content\/uploads\/2014\/08\/8.png","type":"","width":"","height":""}],"author":"socialglasses","twitter_card":"summary_large_image","twitter_misc":{"Scritto da":"socialglasses","Tempo di lettura stimato":"1 minuto"},"schema":{"@context":"https:\/\/schema.org","@graph":[{"@type":"WebPage","@id":"http:\/\/socialglasses.it\/news\/nuovi-modelli-in-casa-social-glasses\/","url":"http:\/\/socialglasses.it\/news\/nuovi-modelli-in-casa-social-glasses\/","name":"Nuovi modelli in casa Social Glasses - Social Glasses News","isPartOf":{"@id":"http:\/\/socialglasses.it\/news\/#website"},"primaryImageOfPage":{"@id":"http:\/\/socialglasses.it\/news\/nuovi-modelli-in-casa-social-glasses\/#primaryimage"},"image":{"@id":"http:\/\/socialglasses.it\/news\/nuovi-modelli-in-casa-social-glasses\/#primaryimage"},"thumbnailUrl":"http:\/\/socialglasses.it\/news\/wp-content\/uploads\/2014\/08\/8.png","datePublished":"2014-08-07T10:20:41+00:00","dateModified":"2014-10-20T10:09:12+00:00","author":{"@id":"http:\/\/socialglasses.it\/news\/#\/schema\/person\/55bcefb5027d51d7f4cb0a0cbb2d4372"},"breadcrumb":{"@id":"http:\/\/socialglasses.it\/news\/nuovi-modelli-in-casa-social-glasses\/#breadcrumb"},"inLanguage":"it-IT","potentialAction":[{"@type":"ReadAction","target":["http:\/\/socialglasses.it\/news\/nuovi-modelli-in-casa-social-glasses\/"]}]},{"@type":"ImageObject","inLanguage":"it-IT","@id":"http:\/\/socialglasses.it\/news\/nuovi-modelli-in-casa-social-glasses\/#primaryimage","url":"http:\/\/socialglasses.it\/news\/wp-content\/uploads\/2014\/08\/8.png","contentUrl":"http:\/\/socialglasses.it\/news\/wp-content\/uploads\/2014\/08\/8.png","width":1920,"height":1080},{"@type":"BreadcrumbList","@id":"http:\/\/socialglasses.it\/news\/nuovi-modelli-in-casa-social-glasses\/#breadcrumb","itemListElement":[{"@type":"ListItem","position":1,"name":"Home","item":"http:\/\/socialglasses.it\/news\/"},{"@type":"ListItem","position":2,"name":"Nuovi modelli in casa Social Glasses"}]},{"@type":"WebSite","@id":"http:\/\/socialglasses.it\/news\/#website","url":"http:\/\/socialglasses.it\/news\/","name":"Social Glasses News","description":"Occhiali con lenti personalizzate online","potentialAction":[{"@type":"SearchAction","target":{"@type":"EntryPoint","urlTemplate":"http:\/\/socialglasses.it\/news\/?s={search_term_string}"},"query-input":{"@type":"PropertyValueSpecification","valueRequired":true,"valueName":"search_term_string"}}],"inLanguage":"it-IT"},{"@type":"Person","@id":"http:\/\/socialglasses.it\/news\/#\/schema\/person\/55bcefb5027d51d7f4cb0a0cbb2d4372","name":"socialglasses","image":{"@type":"ImageObject","inLanguage":"it-IT","@id":"http:\/\/socialglasses.it\/news\/#\/schema\/person\/image\/","url":"https:\/\/secure.gravatar.com\/avatar\/eb4ad34c27c5b8c3aae7417059504b61a07075a112d9b2403f96854f8712156d?s=96&d=mm&r=g","contentUrl":"https:\/\/secure.gravatar.com\/avatar\/eb4ad34c27c5b8c3aae7417059504b61a07075a112d9b2403f96854f8712156d?s=96&d=mm&r=g","caption":"socialglasses"},"url":"http:\/\/socialglasses.it\/news\/author\/socialglasses\/"}]}},"_links":{"self":[{"href":"http:\/\/socialglasses.it\/news\/wp-json\/wp\/v2\/posts\/8","targetHints":{"allow":["GET"]}}],"collection":[{"href":"http:\/\/socialglasses.it\/news\/wp-json\/wp\/v2\/posts"}],"about":[{"href":"http:\/\/socialglasses.it\/news\/wp-json\/wp\/v2\/types\/post"}],"author":[{"embeddable":true,"href":"http:\/\/socialglasses.it\/news\/wp-json\/wp\/v2\/users\/1"}],"replies":[{"embeddable":true,"href":"http:\/\/socialglasses.it\/news\/wp-json\/wp\/v2\/comments?post=8"}],"version-history":[{"count":4,"href":"http:\/\/socialglasses.it\/news\/wp-json\/wp\/v2\/posts\/8\/revisions"}],"predecessor-version":[{"id":56,"href":"http:\/\/socialglasses.it\/news\/wp-json\/wp\/v2\/posts\/8\/revisions\/56"}],"wp:attachment":[{"href":"http:\/\/socialglasses.it\/news\/wp-json\/wp\/v2\/media?parent=8"}],"wp:term":[{"taxonomy":"category","embeddable":true,"href":"http:\/\/socialglasses.it\/news\/wp-json\/wp\/v2\/categories?post=8"},{"taxonomy":"post_tag","embeddable":true,"href":"http:\/\/socialglasses.it\/news\/wp-json\/wp\/v2\/tags?post=8"}],"curies":[{"name":"wp","href":"https:\/\/api.w.org\/{rel}","templated":true}]}}