{"id":24,"date":"2014-10-07T10:18:28","date_gmt":"2014-10-07T08:18:28","guid":{"rendered":"http:\/\/socialglasses.it\/news\/?p=24"},"modified":"2014-10-20T12:07:36","modified_gmt":"2014-10-20T10:07:36","slug":"i-social-glasses-si-scoprono-fashion","status":"publish","type":"post","link":"http:\/\/socialglasses.it\/news\/i-social-glasses-si-scoprono-fashion\/","title":{"rendered":"I Social Glasses si scoprono Fashion"},"content":{"rendered":"<p><img loading=\"lazy\" decoding=\"async\" class=\"alignnone wp-image-25 size-full\" src=\"http:\/\/socialglasses.it\/news\/wp-content\/uploads\/2014\/10\/diconodinoi.jpg\" alt=\"diconodinoi\" width=\"1068\" height=\"301\" srcset=\"http:\/\/socialglasses.it\/news\/wp-content\/uploads\/2014\/10\/diconodinoi.jpg 1068w, http:\/\/socialglasses.it\/news\/wp-content\/uploads\/2014\/10\/diconodinoi-300x84.jpg 300w, http:\/\/socialglasses.it\/news\/wp-content\/uploads\/2014\/10\/diconodinoi-1024x288.jpg 1024w\" sizes=\"auto, (max-width: 1068px) 100vw, 1068px\" \/>Se c&#8217;\u00e8 un prodotto che in questo momento \u00e8 sulla bocca di tutti, questo \u00e8 certamente Social Glasses. Accattivanti, colorati e simpatici, gli occhiali pi\u00f9 social del momento sono comparsi in numerose recensioni su vari fashion blog. A colpire \u00e8 stata sicuramente la novit\u00e0 introdotta da questo prodotto ossia la possibilit\u00e0 di poter personalizzare le lenti a proprio piacimento direttamente da casa.<\/p>\n<p>Vediamo di seguito una carrellata dei principali commenti pubblicati sul web. Gli amici di <a href=\"http:\/\/www.tizianoferrofan.com\/\" target=\"_blank\">tizianoferrofan.com<\/a> hanno utilizzato i Social Glasses all\u2019interno di un contest nella loro pagina Facebook per premiare i fan pi\u00f9 affezionati al cantante latinense. <a href=\"http:\/\/f-lover-fashion-blog.blogspot.it\/2014\/09\/occhiali-per-ogni-occasione.html\" target=\"_blank\">F-lover Fashion Blog by Gi.<\/a>\u00a0ha\u00a0recensito i Social Glasses come <i>&#8220;un prodotto ad alto potenziale che pu\u00f2 diventare uno strumento pubblicitario ad un costo estremamente contenuto&#8221;<\/i>.<br \/>\nMolto positivo anche il commento di\u00a0<a href=\"http:\/\/www.elisabettabertolini.com\/2014\/09\/social-glasses.html\" target=\"_blank\">Elizabeth Bailey<\/a>\u00a0la quale ha potuto provare direttamente la personalizzazione delle lenti e che ha definito i Social Glasses <i>&#8220;superlativi soprattutto perfetti in questo periodo, il pi\u00f9 glamour di tutta l&#8217;estate&#8221;<\/i>.<br \/>\nA confermare le tante sensazioni positive generate dai nostri occhiali vi \u00e8 il post di\u00a0<a href=\"http:\/\/www.claudiasartorelli.it\/?p=4947\" target=\"_blank\">Claudia Sartorelli<\/a> che finalmente \u00e8 riuscita a trovare un prodotto in grado di soddisfare le sue aspettative, commentandolo cos\u00ec: <i>&#8220;Sapete quante volte, per matrimoni, scherzi, addio al nubilato\/celibato avrei voluto un oggetto particolare e personalizzato&#8230;&#8221;<\/i>. Hanno parlato di noi inoltre\u00a0<a href=\"http:\/\/welovefashion.it\/brandnews\/social-glasses-sguardo-social-divertimento-original\/\" target=\"_blank\">WeloveFashion<\/a>\u00a0e\u00a0<a href=\"http:\/\/www.yourfashionchic.it\/come-personalizzare-gli-occhiali-social-glasses\/\" target=\"_blank\">Your Fashion Chic &#8211; Moda Style Glamour<\/a>\u00a0con post interamente dedicati al prodotto.<br \/>\nInfine, dei Social Glasses ha parlato anche\u00a0<a href=\"http:\/\/gloriadressup.com\/2014\/10\/01\/social-glasses-amore-a-prima-vista-social-glasses-love-at-first-sight\/\" target=\"_blank\">Gloria Dress Up<\/a>\u00a0nel suo articolo <i>&#8220;Social Glasses amore a prima vista&#8221;<\/i>. Un titolo che vale pi\u00f9 di mille parole.<\/p>\n","protected":false},"excerpt":{"rendered":"<p>Se c&#8217;\u00e8 un prodotto che in questo momento \u00e8 sulla bocca di tutti, questo \u00e8 certamente Social Glasses. Accattivanti, colorati e simpatici, gli occhiali pi\u00f9 social del momento sono comparsi in numerose recensioni su vari fashion blog. A colpire \u00e8 stata sicuramente la novit\u00e0 introdotta da questo prodotto ossia la possibilit\u00e0 di poter personalizzare le &hellip; <a href=\"http:\/\/socialglasses.it\/news\/i-social-glasses-si-scoprono-fashion\/\" class=\"more-link\">Continua la lettura di <span class=\"screen-reader-text\">I Social Glasses si scoprono Fashion<\/span> <span class=\"meta-nav\">&rarr;<\/span><\/a><\/p>\n","protected":false},"author":1,"featured_media":0,"comment_status":"open","ping_status":"open","sticky":false,"template":"","format":"standard","meta":{"footnotes":""},"categories":[4],"tags":[],"class_list":["post-24","post","type-post","status-publish","format-standard","hentry","category-dicono-di-noi"],"yoast_head":"<!-- This site is optimized with the Yoast SEO plugin v25.2 - https:\/\/yoast.com\/wordpress\/plugins\/seo\/ -->\n<title>I Social Glasses si scoprono Fashion - Social Glasses News<\/title>\n<meta name=\"robots\" content=\"index, follow, max-snippet:-1, max-image-preview:large, max-video-preview:-1\" \/>\n<link rel=\"canonical\" href=\"http:\/\/socialglasses.it\/news\/i-social-glasses-si-scoprono-fashion\/\" \/>\n<meta property=\"og:locale\" content=\"it_IT\" \/>\n<meta property=\"og:type\" content=\"article\" \/>\n<meta property=\"og:title\" content=\"I Social Glasses si scoprono Fashion - Social Glasses News\" \/>\n<meta property=\"og:description\" content=\"Se c&#8217;\u00e8 un prodotto che in questo momento \u00e8 sulla bocca di tutti, questo \u00e8 certamente Social Glasses. Accattivanti, colorati e simpatici, gli occhiali pi\u00f9 social del momento sono comparsi in numerose recensioni su vari fashion blog. A colpire \u00e8 stata sicuramente la novit\u00e0 introdotta da questo prodotto ossia la possibilit\u00e0 di poter personalizzare le &hellip; Continua la lettura di I Social Glasses si scoprono Fashion &rarr;\" \/>\n<meta property=\"og:url\" content=\"http:\/\/socialglasses.it\/news\/i-social-glasses-si-scoprono-fashion\/\" \/>\n<meta property=\"og:site_name\" content=\"Social Glasses News\" \/>\n<meta property=\"article:published_time\" content=\"2014-10-07T08:18:28+00:00\" \/>\n<meta property=\"article:modified_time\" content=\"2014-10-20T10:07:36+00:00\" \/>\n<meta property=\"og:image\" content=\"http:\/\/socialglasses.it\/news\/wp-content\/uploads\/2014\/10\/diconodinoi.jpg\" \/>\n<meta name=\"author\" content=\"socialglasses\" \/>\n<meta name=\"twitter:card\" content=\"summary_large_image\" \/>\n<meta name=\"twitter:label1\" content=\"Scritto da\" \/>\n\t<meta name=\"twitter:data1\" content=\"socialglasses\" \/>\n\t<meta name=\"twitter:label2\" content=\"Tempo di lettura stimato\" \/>\n\t<meta name=\"twitter:data2\" content=\"1 minuto\" \/>\n<script type=\"application\/ld+json\" class=\"yoast-schema-graph\">{\"@context\":\"https:\/\/schema.org\",\"@graph\":[{\"@type\":\"WebPage\",\"@id\":\"http:\/\/socialglasses.it\/news\/i-social-glasses-si-scoprono-fashion\/\",\"url\":\"http:\/\/socialglasses.it\/news\/i-social-glasses-si-scoprono-fashion\/\",\"name\":\"I Social Glasses si scoprono Fashion - Social Glasses News\",\"isPartOf\":{\"@id\":\"http:\/\/socialglasses.it\/news\/#website\"},\"primaryImageOfPage\":{\"@id\":\"http:\/\/socialglasses.it\/news\/i-social-glasses-si-scoprono-fashion\/#primaryimage\"},\"image\":{\"@id\":\"http:\/\/socialglasses.it\/news\/i-social-glasses-si-scoprono-fashion\/#primaryimage\"},\"thumbnailUrl\":\"http:\/\/socialglasses.it\/news\/wp-content\/uploads\/2014\/10\/diconodinoi.jpg\",\"datePublished\":\"2014-10-07T08:18:28+00:00\",\"dateModified\":\"2014-10-20T10:07:36+00:00\",\"author\":{\"@id\":\"http:\/\/socialglasses.it\/news\/#\/schema\/person\/55bcefb5027d51d7f4cb0a0cbb2d4372\"},\"breadcrumb\":{\"@id\":\"http:\/\/socialglasses.it\/news\/i-social-glasses-si-scoprono-fashion\/#breadcrumb\"},\"inLanguage\":\"it-IT\",\"potentialAction\":[{\"@type\":\"ReadAction\",\"target\":[\"http:\/\/socialglasses.it\/news\/i-social-glasses-si-scoprono-fashion\/\"]}]},{\"@type\":\"ImageObject\",\"inLanguage\":\"it-IT\",\"@id\":\"http:\/\/socialglasses.it\/news\/i-social-glasses-si-scoprono-fashion\/#primaryimage\",\"url\":\"http:\/\/socialglasses.it\/news\/wp-content\/uploads\/2014\/10\/diconodinoi.jpg\",\"contentUrl\":\"http:\/\/socialglasses.it\/news\/wp-content\/uploads\/2014\/10\/diconodinoi.jpg\",\"width\":1068,\"height\":301},{\"@type\":\"BreadcrumbList\",\"@id\":\"http:\/\/socialglasses.it\/news\/i-social-glasses-si-scoprono-fashion\/#breadcrumb\",\"itemListElement\":[{\"@type\":\"ListItem\",\"position\":1,\"name\":\"Home\",\"item\":\"http:\/\/socialglasses.it\/news\/\"},{\"@type\":\"ListItem\",\"position\":2,\"name\":\"I Social Glasses si scoprono Fashion\"}]},{\"@type\":\"WebSite\",\"@id\":\"http:\/\/socialglasses.it\/news\/#website\",\"url\":\"http:\/\/socialglasses.it\/news\/\",\"name\":\"Social Glasses News\",\"description\":\"Occhiali con lenti personalizzate online\",\"potentialAction\":[{\"@type\":\"SearchAction\",\"target\":{\"@type\":\"EntryPoint\",\"urlTemplate\":\"http:\/\/socialglasses.it\/news\/?s={search_term_string}\"},\"query-input\":{\"@type\":\"PropertyValueSpecification\",\"valueRequired\":true,\"valueName\":\"search_term_string\"}}],\"inLanguage\":\"it-IT\"},{\"@type\":\"Person\",\"@id\":\"http:\/\/socialglasses.it\/news\/#\/schema\/person\/55bcefb5027d51d7f4cb0a0cbb2d4372\",\"name\":\"socialglasses\",\"image\":{\"@type\":\"ImageObject\",\"inLanguage\":\"it-IT\",\"@id\":\"http:\/\/socialglasses.it\/news\/#\/schema\/person\/image\/\",\"url\":\"https:\/\/secure.gravatar.com\/avatar\/eb4ad34c27c5b8c3aae7417059504b61a07075a112d9b2403f96854f8712156d?s=96&d=mm&r=g\",\"contentUrl\":\"https:\/\/secure.gravatar.com\/avatar\/eb4ad34c27c5b8c3aae7417059504b61a07075a112d9b2403f96854f8712156d?s=96&d=mm&r=g\",\"caption\":\"socialglasses\"},\"url\":\"http:\/\/socialglasses.it\/news\/author\/socialglasses\/\"}]}<\/script>\n<!-- \/ Yoast SEO plugin. -->","yoast_head_json":{"title":"I Social Glasses si scoprono Fashion - Social Glasses News","robots":{"index":"index","follow":"follow","max-snippet":"max-snippet:-1","max-image-preview":"max-image-preview:large","max-video-preview":"max-video-preview:-1"},"canonical":"http:\/\/socialglasses.it\/news\/i-social-glasses-si-scoprono-fashion\/","og_locale":"it_IT","og_type":"article","og_title":"I Social Glasses si scoprono Fashion - Social Glasses News","og_description":"Se c&#8217;\u00e8 un prodotto che in questo momento \u00e8 sulla bocca di tutti, questo \u00e8 certamente Social Glasses. Accattivanti, colorati e simpatici, gli occhiali pi\u00f9 social del momento sono comparsi in numerose recensioni su vari fashion blog. A colpire \u00e8 stata sicuramente la novit\u00e0 introdotta da questo prodotto ossia la possibilit\u00e0 di poter personalizzare le &hellip; Continua la lettura di I Social Glasses si scoprono Fashion &rarr;","og_url":"http:\/\/socialglasses.it\/news\/i-social-glasses-si-scoprono-fashion\/","og_site_name":"Social Glasses News","article_published_time":"2014-10-07T08:18:28+00:00","article_modified_time":"2014-10-20T10:07:36+00:00","og_image":[{"url":"http:\/\/socialglasses.it\/news\/wp-content\/uploads\/2014\/10\/diconodinoi.jpg","type":"","width":"","height":""}],"author":"socialglasses","twitter_card":"summary_large_image","twitter_misc":{"Scritto da":"socialglasses","Tempo di lettura stimato":"1 minuto"},"schema":{"@context":"https:\/\/schema.org","@graph":[{"@type":"WebPage","@id":"http:\/\/socialglasses.it\/news\/i-social-glasses-si-scoprono-fashion\/","url":"http:\/\/socialglasses.it\/news\/i-social-glasses-si-scoprono-fashion\/","name":"I Social Glasses si scoprono Fashion - Social Glasses News","isPartOf":{"@id":"http:\/\/socialglasses.it\/news\/#website"},"primaryImageOfPage":{"@id":"http:\/\/socialglasses.it\/news\/i-social-glasses-si-scoprono-fashion\/#primaryimage"},"image":{"@id":"http:\/\/socialglasses.it\/news\/i-social-glasses-si-scoprono-fashion\/#primaryimage"},"thumbnailUrl":"http:\/\/socialglasses.it\/news\/wp-content\/uploads\/2014\/10\/diconodinoi.jpg","datePublished":"2014-10-07T08:18:28+00:00","dateModified":"2014-10-20T10:07:36+00:00","author":{"@id":"http:\/\/socialglasses.it\/news\/#\/schema\/person\/55bcefb5027d51d7f4cb0a0cbb2d4372"},"breadcrumb":{"@id":"http:\/\/socialglasses.it\/news\/i-social-glasses-si-scoprono-fashion\/#breadcrumb"},"inLanguage":"it-IT","potentialAction":[{"@type":"ReadAction","target":["http:\/\/socialglasses.it\/news\/i-social-glasses-si-scoprono-fashion\/"]}]},{"@type":"ImageObject","inLanguage":"it-IT","@id":"http:\/\/socialglasses.it\/news\/i-social-glasses-si-scoprono-fashion\/#primaryimage","url":"http:\/\/socialglasses.it\/news\/wp-content\/uploads\/2014\/10\/diconodinoi.jpg","contentUrl":"http:\/\/socialglasses.it\/news\/wp-content\/uploads\/2014\/10\/diconodinoi.jpg","width":1068,"height":301},{"@type":"BreadcrumbList","@id":"http:\/\/socialglasses.it\/news\/i-social-glasses-si-scoprono-fashion\/#breadcrumb","itemListElement":[{"@type":"ListItem","position":1,"name":"Home","item":"http:\/\/socialglasses.it\/news\/"},{"@type":"ListItem","position":2,"name":"I Social Glasses si scoprono Fashion"}]},{"@type":"WebSite","@id":"http:\/\/socialglasses.it\/news\/#website","url":"http:\/\/socialglasses.it\/news\/","name":"Social Glasses News","description":"Occhiali con lenti personalizzate online","potentialAction":[{"@type":"SearchAction","target":{"@type":"EntryPoint","urlTemplate":"http:\/\/socialglasses.it\/news\/?s={search_term_string}"},"query-input":{"@type":"PropertyValueSpecification","valueRequired":true,"valueName":"search_term_string"}}],"inLanguage":"it-IT"},{"@type":"Person","@id":"http:\/\/socialglasses.it\/news\/#\/schema\/person\/55bcefb5027d51d7f4cb0a0cbb2d4372","name":"socialglasses","image":{"@type":"ImageObject","inLanguage":"it-IT","@id":"http:\/\/socialglasses.it\/news\/#\/schema\/person\/image\/","url":"https:\/\/secure.gravatar.com\/avatar\/eb4ad34c27c5b8c3aae7417059504b61a07075a112d9b2403f96854f8712156d?s=96&d=mm&r=g","contentUrl":"https:\/\/secure.gravatar.com\/avatar\/eb4ad34c27c5b8c3aae7417059504b61a07075a112d9b2403f96854f8712156d?s=96&d=mm&r=g","caption":"socialglasses"},"url":"http:\/\/socialglasses.it\/news\/author\/socialglasses\/"}]}},"_links":{"self":[{"href":"http:\/\/socialglasses.it\/news\/wp-json\/wp\/v2\/posts\/24","targetHints":{"allow":["GET"]}}],"collection":[{"href":"http:\/\/socialglasses.it\/news\/wp-json\/wp\/v2\/posts"}],"about":[{"href":"http:\/\/socialglasses.it\/news\/wp-json\/wp\/v2\/types\/post"}],"author":[{"embeddable":true,"href":"http:\/\/socialglasses.it\/news\/wp-json\/wp\/v2\/users\/1"}],"replies":[{"embeddable":true,"href":"http:\/\/socialglasses.it\/news\/wp-json\/wp\/v2\/comments?post=24"}],"version-history":[{"count":2,"href":"http:\/\/socialglasses.it\/news\/wp-json\/wp\/v2\/posts\/24\/revisions"}],"predecessor-version":[{"id":52,"href":"http:\/\/socialglasses.it\/news\/wp-json\/wp\/v2\/posts\/24\/revisions\/52"}],"wp:attachment":[{"href":"http:\/\/socialglasses.it\/news\/wp-json\/wp\/v2\/media?parent=24"}],"wp:term":[{"taxonomy":"category","embeddable":true,"href":"http:\/\/socialglasses.it\/news\/wp-json\/wp\/v2\/categories?post=24"},{"taxonomy":"post_tag","embeddable":true,"href":"http:\/\/socialglasses.it\/news\/wp-json\/wp\/v2\/tags?post=24"}],"curies":[{"name":"wp","href":"https:\/\/api.w.org\/{rel}","templated":true}]}}